{"id":3908,"date":"2018-12-03T09:10:00","date_gmt":"2018-12-03T08:10:00","guid":{"rendered":"https:\/\/www.iamstudent.at\/blog\/?p=3908"},"modified":"2024-02-21T12:55:09","modified_gmt":"2024-02-21T11:55:09","slug":"christkindlmaerkte-in-graz","status":"publish","type":"post","link":"https:\/\/www.iamstudent.at\/blog\/christkindlmaerkte-in-graz\/","title":{"rendered":"Christkindlm\u00e4rkte in Graz: Kitschige Atmosph\u00e4re, besinnliche Stimmung."},"content":{"rendered":"<p>Kling Gl\u00f6ckchen, klingelingeling. Auch im gr\u00fcnen Herzen \u00d6sterreichs kannst du mit unserer Hilfe bald in die weihnachtliche Melancholie eintauchen. Diese Christkindlm\u00e4rkte in Graz helfen dir dabei, deinen Deko-Bestand zu erweitern und deinen Keksbauch zu f\u00fcllen.\u00a0<!--more--><\/p>\n<p>&nbsp;<\/p>\n<h2>\u00dcbersicht der Christkindlm\u00e4rkte in Graz<\/h2>\n<p>Wenn du zu einem Weihnachtsmarkt ganz in deiner N\u00e4he willst, dann nutze unsere schnelle \u00dcbersicht, um direkt zur Auswahl in <a class=\"scroll\" href=\"#Christkindl8010\">8010<\/a> oder <a class=\"scroll\" href=\"#Christkindl8020\">8020 Graz<\/a> zu gelangen.\u00a0Diese Christkindlm\u00e4rkte in Graz verw\u00f6hnen dich mit hei\u00dfem Punsch, warmen Maroni und vielen weiteren Schmankerln, damit du es dir w\u00e4hrend der besinnlichen Zeit im Jahr ganz besonders gut gehen l\u00e4sst!<\/p>\n<p>&nbsp;<\/p>\n<h2><a name=\"Christkindl8010\"><\/a>Christkindlm\u00e4rkte in 8010 Graz<\/h2>\n<h3><a href=\"https:\/\/www.graz.net\/advent\/christkindlmarkt-am-hauptplatz\/\" target=\"_blank\" rel=\"noopener noreferrer\">Hauptplatz<\/a><\/h3>\n<p><em>Hauptplatz 1, 8010 Graz<\/em><\/p>\n<p><img decoding=\"async\" class=\"alignnone size-medium wp-image-15884\" src=\"https:\/\/iam-blog.gumlet.io\/blog\/wp-content\/uploads\/2015\/11\/Christkindlmaerkte-in-Graz_800x450_1.png\" alt=\"Christkindlm\u00e4rkte in Graz\" width=\"800\" \/><\/p>\n<p>Es weihnachtet sehr am <a href=\"https:\/\/www.graz.net\/advent\/christkindlmarkt-am-hauptplatz\/\" target=\"_blank\" rel=\"noopener noreferrer\">Grazer Hauptplatz<\/a> vor dem Rathaus. Das kleine Adventdorf lockt dich in seine eigene Welt und l\u00e4sst dich mit Kunsthandwerken und adventlichen Leckereien den Alltag vergessen.<\/p>\n<p>Wann: 23. November \u2013 24. Dezember<\/p>\n<p>&nbsp;<\/p>\n<h3><a href=\"https:\/\/www.graz.net\/advent\/advent-treff-am-eisernen-tor\/\" target=\"_blank\" rel=\"noopener noreferrer\">Am Eisernen Tor<\/a><\/h3>\n<p><em>Am Eisernen Tor, 8010 Graz<\/em><\/p>\n<p><img decoding=\"async\" class=\"alignnone size-medium wp-image-15885\" src=\"https:\/\/iam-blog.gumlet.io\/blog\/wp-content\/uploads\/2015\/11\/Christkindlmaerkte-in-Graz_800x450_2.png\" alt=\"Christkindlm\u00e4rkte in Graz\" width=\"800\" \/><\/p>\n<p>Die Adventzeit genie\u00dfen und gleichzeitig etwas Gutes tun \u2013 das kannst du am <a href=\"https:\/\/www.graz.net\/advent\/advent-treff-am-eisernen-tor\/\" target=\"_blank\" rel=\"noopener noreferrer\">Adventmarkt am Eisernen Tor<\/a>. Der Reinerl\u00f6s wird unterschiedlichen Hilfsprojekten gespendet und dieser Hintergrund schafft eine besonders sch\u00f6ne Atmosph\u00e4re.<\/p>\n<p>Wann: 23. November \u2013 23. Dezember<\/p>\n<p>&nbsp;<\/p>\n<h3><a href=\"https:\/\/www.graztourismus.at\/advent\/de\/advent-veranstaltungen\/kunsthandwerksmarkt-am-faerberplatz_evt_2342\" target=\"_blank\" rel=\"noopener noreferrer\">F\u00e4rberplatz<\/a><\/h3>\n<p><em>F\u00e4rberplatz, 8010 Graz<\/em><\/p>\n<p><img decoding=\"async\" class=\"alignnone size-medium wp-image-15886\" src=\"https:\/\/iam-blog.gumlet.io\/blog\/wp-content\/uploads\/2015\/11\/Christkindlmaerkte-in-Graz_800x450_3.png\" alt=\"Christkindlm\u00e4rkte in Graz\" width=\"800\" \/><\/p>\n<p>Tradition trifft am <a href=\"https:\/\/www.graztourismus.at\/advent\/de\/advent-veranstaltungen\/kunsthandwerksmarkt-am-faerberplatz_evt_2342\" target=\"_blank\" rel=\"noopener noreferrer\">F\u00e4rberplatz<\/a> auf Moderne. Wenn dir die klassischen Kitschigkeiten schon ein bisschen zum Hals raush\u00e4ngen, ist das der \u201eplace to be\u201c f\u00fcr dich. Durch das Pop-Up Konzept gibt es viel Abwechslung und vor allem viel zu sehen.<\/p>\n<p>Wann: 30. November \u2013 23. Dezember<\/p>\n<p>&nbsp;<\/p>\n<h3><a href=\"https:\/\/www.graz.net\/advent\/christkindlmarkt-am-mehlplatz-kunsthandwerk\/\" target=\"_blank\" rel=\"noopener noreferrer\">Mehlplatz<\/a><\/h3>\n<p><em>Mehlplatz, 8010 Graz<\/em><\/p>\n<p><img decoding=\"async\" class=\"alignnone size-medium wp-image-15887\" src=\"https:\/\/iam-blog.gumlet.io\/blog\/wp-content\/uploads\/2015\/11\/Christkindlmaerkte-in-Graz_800x450_4.png\" alt=\"Christkindlm\u00e4rkte in Graz\" width=\"800\" \/><\/p>\n<p>Die Design-Adventh\u00fctten am <a href=\"https:\/\/www.graz.net\/advent\/christkindlmarkt-am-mehlplatz-kunsthandwerk\/\" target=\"_blank\" rel=\"noopener noreferrer\">Mehlplatz<\/a> werden auch deine Augen strahlen lassen. Kunst wird hier gro\u00dfgeschrieben und viel Wert auf Neuinterpretationen gelegt. Bei Nacht verwandeln die stylishen H\u00fctten den Mehlplatz zu einem leuchtenden Kristallfeld.<\/p>\n<p>Wann: 23. November \u2013 24. Dezember<\/p>\n<p>&nbsp;<\/p>\n<div class=\"voucher-embed-iframe-wrapper\"><iframe title=\"Gutschein Frame\" data-src=\"https:\/\/www.iamstudent.at\/external\/widget\/best?blog=1\" class=\"voucher-embed-iframe embed-blog lazy-load\" scrolling=\"no\" seamless=\"seamless\" frameBorder=\"0\" width=\"300\" height=\"160\" name=\"GutscheinFrame\"><\/iframe><\/div>\n<p>&nbsp;<\/p>\n<h3><a href=\"https:\/\/www.graz.net\/advent\/adventmarkt-am-glockenspielplatz\/\" target=\"_blank\" rel=\"noopener noreferrer\">Glockenspielplatz<\/a><\/h3>\n<p><em>Glockenspielplatz, 8010 Graz<\/em><\/p>\n<p><img decoding=\"async\" class=\"alignnone size-medium wp-image-15888\" src=\"https:\/\/iam-blog.gumlet.io\/blog\/wp-content\/uploads\/2015\/11\/Christkindlmaerkte-in-Graz_800x450_5.png\" alt=\"Christkindlm\u00e4rkte in Graz\" width=\"800\" \/><\/p>\n<p>Am <a href=\"https:\/\/www.graz.net\/advent\/adventmarkt-am-glockenspielplatz\/\" target=\"_blank\" rel=\"noopener noreferrer\">Glockenspielplatz<\/a> wird das gr\u00fcne Herz \u00d6sterreichs vorweihnachtlich gefeiert. Steirische Schmankerl da, hausgemachte Kunsthandwerke dort. Das Motto \u201eSteiermark\u201c l\u00e4sst sowohl einheimische als auch touristische Herzen h\u00f6her schlagen.<\/p>\n<p>Wann: 23. November \u2013 23. Dezember<\/p>\n<p>&nbsp;<\/p>\n<h3><a href=\"https:\/\/www.graztourismus.at\/advent\/de\/weihnachtsmaerkte\/franziskanerviertel_adm-2422\" target=\"_blank\" rel=\"noopener noreferrer\">Altgrazer Christkindlmarkt<\/a><\/h3>\n<p><em>Franziskanerviertel, 8010 Graz<\/em><\/p>\n<p><img decoding=\"async\" class=\"alignnone size-medium wp-image-15889\" src=\"https:\/\/iam-blog.gumlet.io\/blog\/wp-content\/uploads\/2015\/11\/Christkindlmaerkte-in-Graz_800x450_6.png\" alt=\"Christkindlm\u00e4rkte in Graz\" width=\"800\" \/><\/p>\n<p>Der Schwerpunkt des <a href=\"https:\/\/www.graztourismus.at\/advent\/de\/adventmaerkte\/christkindlmarkt-im-franziskanerviertel_evt_2285\" target=\"_blank\" rel=\"noopener\">\u00e4ltesten Christkindlmarkts<\/a>\u00a0der Steiermark liegt auf der Tradition. Typische Schmuckst\u00fccke, Spielzeuge und Co verbreiten urt\u00fcmliche, gem\u00fctliche Stimmung. Auf Punsch und Gl\u00fchwein musst du aber nat\u00fcrlich nicht verzichten.<\/p>\n<p>Wann: 23. November \u2013 24. Dezember<\/p>\n<p>&nbsp;<\/p>\n<h3><a href=\"https:\/\/www.graz.net\/advent\/christkindlmarkt-am-tummelplatz\/\" target=\"_blank\" rel=\"noopener noreferrer\">Tummelplatz<\/a><\/h3>\n<p><em>Tummelplatz, 8010 Graz<\/em><\/p>\n<p><img decoding=\"async\" class=\"alignnone size-medium wp-image-15890\" src=\"https:\/\/iam-blog.gumlet.io\/blog\/wp-content\/uploads\/2015\/11\/Christkindlmaerkte-in-Graz_800x450_7.png\" alt=\"Christkindlm\u00e4rkte in Graz\" width=\"800\" \/><\/p>\n<p>Bunt, individuell und international. Der <a href=\"https:\/\/www.graz.net\/advent\/christkindlmarkt-am-tummelplatz\/\" target=\"_blank\" rel=\"noopener noreferrer\">Tummelplatz<\/a> wird in der Adventzeit zum Hot-Spot f\u00fcr K\u00fcnstler aus aller Welt. Von Glaskunst \u00fcber Silber und Weihrauch ist wirklich alles dabei.<\/p>\n<p>Wann: 23. November \u2013 24. Dezember<\/p>\n<p>&nbsp;<\/p>\n<h3><a href=\"https:\/\/www.graz.net\/advent\/advent-im-joanneumsviertel\/\" target=\"_blank\" rel=\"noopener noreferrer\">Joanneumsviertel<\/a><\/h3>\n<p><em>Joanneumsviertel, 8010 Graz<\/em><\/p>\n<p><img decoding=\"async\" class=\"alignnone size-medium wp-image-15891\" src=\"https:\/\/iam-blog.gumlet.io\/blog\/wp-content\/uploads\/2015\/11\/Christkindlmaerkte-in-Graz_800x450_8.png\" alt=\"Christkindlm\u00e4rkte in Graz\" width=\"800\" \/><\/p>\n<p>Das <a href=\"https:\/\/www.graz.net\/advent\/advent-im-joanneumsviertel\/\" target=\"_blank\" rel=\"noopener noreferrer\">Joanneumsviertel<\/a> hat auch in der Vorweihnachtszeit einiges zu bieten. Live-DJs und au\u00dfergew\u00f6hnliche Geschenke sind das eine, hausgemachter Punsch und Kunstwerke das andere. Verschaff dir am besten vor Ort einen Eindruck von der kreativen Alternative.<\/p>\n<p>Wann: 23. November \u2013 23. Dezember<\/p>\n<p>&nbsp;<\/p>\n<h3><a href=\"https:\/\/www.graz.net\/advent\/aufsteirern-christkindlmarkt-am-schlossberg\/\" target=\"_blank\" rel=\"noopener noreferrer\">Schlo\u00dfberg<\/a><\/h3>\n<p><em>Am Schlossberg 1, 8010 Graz<\/em><\/p>\n<p><img decoding=\"async\" class=\"alignnone size-medium wp-image-15892\" src=\"https:\/\/iam-blog.gumlet.io\/blog\/wp-content\/uploads\/2015\/11\/Christkindlmaerkte-in-Graz_800x450_9.png\" alt=\"Christkindlm\u00e4rkte in Graz\" width=\"800\" \/><\/p>\n<p>\u201eAufsteirern\u201c hei\u00dft es am <a href=\"https:\/\/www.graz.net\/advent\/aufsteirern-christkindlmarkt-am-schlossberg\/\" target=\"_blank\" rel=\"noopener noreferrer\">Grazer Schlo\u00dfberg<\/a>. Den Adventmarkt \u00fcber den D\u00e4chern der steirischen Hauptstadt erreichst du mit der Schlossbergbahn. Oben erwarten dich in dieser Location der Christkindlm\u00e4rkte in Graz Fackelwanderungen, ein volles Musikprogramm und vieles mehr.<\/p>\n<p>Wann:\u00a023. \u2013 25.11.\/30.11 \u2013 02.12.\/07. \u2013 09.12.\/14. \u2013 16.12.\/21. \u201323.12.<\/p>\n<p>&nbsp;<\/p>\n<h3>Adventparadies im Paradeishof<\/h3>\n<p><em>Sackstrasse 7-13, 8010 Graz<\/em><\/p>\n<p><img decoding=\"async\" class=\"alignnone size-medium wp-image-15893\" src=\"https:\/\/iam-blog.gumlet.io\/blog\/wp-content\/uploads\/2015\/11\/Christkindlmaerkte-in-Graz_800x450_10.png\" alt=\"Christkindlm\u00e4rkte in Graz\" width=\"800\" \/><\/p>\n<p>Der Paradeishof ist laut eigenen Aussagen &#8222;der l\u00e4ngste Adventmarkt der Stadt&#8220;. Damit bietet diese Location unter den Christkindlm\u00e4rkten in Graz zahlreiche Food- und Punschst\u00e4nde, viele Live-Konzerte und DJs, um sich in der K\u00e4lte warmzutanzen. Und das Weihnachtskekserl obendrauf: Du kannst deinen Wunsch auf einen Zettel schreiben und an den Wunschbaum h\u00e4ngen. Vielleicht wird ja gerade deiner kurz vor Heilig Abend erf\u00fcllt?<\/p>\n<p>Wann: 23. November \u2013 23. Dezember<\/p>\n<p>&nbsp;<\/p>\n<div class=\"voucher-embed-iframe-wrapper\"><iframe title=\"Gutschein Frame\" data-src=\"https:\/\/www.iamstudent.at\/external\/widget\/newest?blog=1\" class=\"voucher-embed-iframe embed-blog lazy-load\" scrolling=\"no\" seamless=\"seamless\" frameBorder=\"0\" width=\"300\" height=\"160\" name=\"GutscheinFrame\"><\/iframe><\/div>\n<p>&nbsp;<\/p>\n<h2><a name=\"Christkindl8020\"><\/a>Christkindlm\u00e4rkte in 8020 Graz<\/h2>\n<h3><a href=\"https:\/\/www.graztourismus.at\/advent\/de\/weihnachtsmaerkte\/mariahilferplatz_adm-2425\" target=\"_blank\" rel=\"noopener noreferrer\">Mariahilferplatz<\/a><\/h3>\n<p><em>Mariahilferplatz, 8020 Graz<\/em><\/p>\n<p><img decoding=\"async\" class=\"alignnone size-medium wp-image-15894\" src=\"https:\/\/iam-blog.gumlet.io\/blog\/wp-content\/uploads\/2015\/11\/Christkindlmaerkte-in-Graz_800x450_11.png\" alt=\"Christkindlm\u00e4rkte in Graz\" width=\"800\" \/><\/p>\n<p>Dem Bezirk Lend verdankt das <a href=\"https:\/\/www.graztourismus.at\/advent\/de\/weihnachtsmaerkte\/mariahilferplatz_adm-2425\" target=\"_blank\" rel=\"noopener noreferrer\">Wonderlend am Mariahilferplatz<\/a>\u00a0seinen Namen. Eisstockbahn, Lesungen und Workshops sind nur ein kleiner Teil des charmanten Adventmarkts.<\/p>\n<p>Wann: 23. November \u2013 23. Dezember<\/p>\n<p>&nbsp;<\/p>\n<h3><a href=\"https:\/\/www.graz.net\/advent\/christkindlmarkt-am-suedtiroler-platz\/\" target=\"_blank\" rel=\"noopener noreferrer\">S\u00fcdtirolerplatz<\/a><\/h3>\n<p><em>S\u00fcdtiroler Platz, 8020 Graz<\/em><\/p>\n<p><img decoding=\"async\" class=\"alignnone size-medium wp-image-15895\" src=\"https:\/\/iam-blog.gumlet.io\/blog\/wp-content\/uploads\/2015\/11\/Christkindlmaerkte-in-Graz_800x450_12.png\" alt=\"Christkindlm\u00e4rkte in Graz\" width=\"800\" \/><\/p>\n<p>Klein aber fein pr\u00e4sentiert sich der Adventmarkt am <a href=\"https:\/\/www.graz.net\/advent\/christkindlmarkt-am-suedtiroler-platz\/\" target=\"_blank\" rel=\"noopener noreferrer\">S\u00fcdtirolerplatz<\/a>. Der Insidertipp unter den Grazern verspricht urige Atmosph\u00e4re und vor allem hohe Qualit\u00e4t. \u00dcberzeug dich am besten selbst davon.<\/p>\n<p>Wann: 23. November \u2013 23. Dezember<\/p>\n<p>&nbsp;<\/p>\n<p>Wir k\u00f6nnen dich jetzt beruhigt in die Weihnachtszeit schicken und w\u00fcnschen dir viel Spa\u00df auf dem Adventmarkt deines Herzens. Du siehst also:\u00a0Die zweitgr\u00f6\u00dfte Stadt \u00d6sterreichs bietet seinen Einwohnern und Touristen das volle Angebot an Lichtern, D\u00fcften und Kitsch zu bieten. Und wir m\u00f6chten dir dieses auf keinen Fall vorenthalten. Wenn du auch mal in Wien oder Tirol\u00a0Weihnachtsstimmung tanken m\u00f6chtest, empfehlen wir dir die <a href=\"https:\/\/www.iamstudent.at\/blog\/christkindlmaerkte-in-wien\/\" target=\"_blank\" rel=\"noopener noreferrer\">Christkindlm\u00e4rkte in Wien<\/a> und <a href=\"https:\/\/www.iamstudent.at\/blog\/christkindlmaerkte-in-innsbruck\/\" target=\"_blank\" rel=\"noopener noreferrer\">Innsbruck<\/a>.<\/p>\n<div style='text-align:center' class='yasr-auto-insert-visitor'><\/div>","protected":false},"excerpt":{"rendered":"<p>Kling Gl\u00f6ckchen, klingelingeling. Auch im gr\u00fcnen Herzen \u00d6sterreichs kannst du mit unserer Hilfe bald in die weihnachtliche Melancholie eintauchen. Diese [&hellip;]<\/p>\n","protected":false},"author":10,"featured_media":15882,"comment_status":"closed","ping_status":"closed","sticky":false,"template":"","format":"standard","meta":{"_acf_changed":false,"yasr_overall_rating":0,"yasr_post_is_review":"","yasr_auto_insert_disabled":"","yasr_review_type":"","footnotes":""},"categories":[123],"tags":[19,284],"class_list":["post-3908","post","type-post","status-publish","format-standard","has-post-thumbnail","hentry","category-studentenleben","tag-graz","tag-kultur-freizeit"],"yasr_visitor_votes":{"stars_attributes":{"read_only":false,"span_bottom":false},"number_of_votes":0,"sum_votes":0},"acf":[],"media":"https:\/\/iam-blog.gumlet.io\/blog\/wp-content\/uploads\/2015\/11\/Christkindlmaerkte-in-Graz_1140x450_0-400x400.png","image":"https:\/\/iam-blog.gumlet.io\/blog\/wp-content\/uploads\/2015\/11\/Christkindlmaerkte-in-Graz_1140x450_0.png","title_plaintext":"Christkindlm\u00e4rkte in Graz: Kitschige Atmosph\u00e4re, besinnliche Stimmung.","text_plaintext":"Von A wie Apfelpunsch bis Z wie Zinnschmuck. Wir zeigen dir die sch\u00f6nsten Christkindlm\u00e4rkte in Graz und was sie dir zu bieten haben.","category":{"name":"Lifestyle","slug":"studentenleben"},"rating":{"best":5,"score":0,"avg":0,"votes":0},"tag_names":["Graz","Kultur & Freizeit"],"tag_permalinks":["graz","kultur-freizeit"],"author_name":"Jana","author_image":"https:\/\/secure.gravatar.com\/avatar\/1047ca0192b19143dcac19962888df226a52f10a3e183606abec8498ccaef87e?s=96&d=mm&r=g","_links":{"self":[{"href":"https:\/\/www.iamstudent.at\/blog\/wp-json\/wp\/v2\/posts\/3908","targetHints":{"allow":["GET"]}}],"collection":[{"href":"https:\/\/www.iamstudent.at\/blog\/wp-json\/wp\/v2\/posts"}],"about":[{"href":"https:\/\/www.iamstudent.at\/blog\/wp-json\/wp\/v2\/types\/post"}],"author":[{"embeddable":true,"href":"https:\/\/www.iamstudent.at\/blog\/wp-json\/wp\/v2\/users\/10"}],"replies":[{"embeddable":true,"href":"https:\/\/www.iamstudent.at\/blog\/wp-json\/wp\/v2\/comments?post=3908"}],"version-history":[{"count":4,"href":"https:\/\/www.iamstudent.at\/blog\/wp-json\/wp\/v2\/posts\/3908\/revisions"}],"predecessor-version":[{"id":42797,"href":"https:\/\/www.iamstudent.at\/blog\/wp-json\/wp\/v2\/posts\/3908\/revisions\/42797"}],"wp:featuredmedia":[{"embeddable":true,"href":"https:\/\/www.iamstudent.at\/blog\/wp-json\/wp\/v2\/media\/15882"}],"wp:attachment":[{"href":"https:\/\/www.iamstudent.at\/blog\/wp-json\/wp\/v2\/media?parent=3908"}],"wp:term":[{"taxonomy":"category","embeddable":true,"href":"https:\/\/www.iamstudent.at\/blog\/wp-json\/wp\/v2\/categories?post=3908"},{"taxonomy":"post_tag","embeddable":true,"href":"https:\/\/www.iamstudent.at\/blog\/wp-json\/wp\/v2\/tags?post=3908"}],"curies":[{"name":"wp","href":"https:\/\/api.w.org\/{rel}","templated":true}]}}