{"id":126,"date":"2016-03-14T12:43:32","date_gmt":"2016-03-14T11:43:32","guid":{"rendered":"http:\/\/www.iamstudent.at\/blog\/?p=126"},"modified":"2026-03-16T10:19:16","modified_gmt":"2026-03-16T09:19:16","slug":"keine-lust-auf-standard-deko-von-der-stange-probiere-mal-anderes","status":"publish","type":"post","link":"https:\/\/www.iamstudent.at\/blog\/keine-lust-auf-standard-deko-von-der-stange-probiere-mal-anderes\/","title":{"rendered":"Keine Lust auf Standard-Deko von der STANGE? \u2013 Probiere MAL WAS ANDERES!"},"content":{"rendered":"<p><b>Deinem Studentenzimmer fehlt noch der besondere Kick? Du hast keine Lust auf ein Standardbild von der Stange? Eure WG-K\u00fcche k\u00f6nnte etwas mehr Pepp gebrauchen?<\/b><\/p>\n<p><span style=\"color: #444444;\"><span style=\"font-family: Verdana, serif;\"><span style=\"font-size: small;\"><span lang=\"de-CH\">Wer kennt das nicht? Endlich sind alle M\u00f6bel aufgebaut, die ersten Deko-Elemente aufgestellt und schon merkt man, dass dennoch irgendetwas fehlt. Die kahlen W\u00e4nde schreien buchst\u00e4blich nach Aufmerksamkeit. Aber schon wieder so ein 0815 Bild von der Stange, was in jeder zweiten Studenten-WG h\u00e4ngt? Probiere doch mal was anderes und bring einen ganz individuellen Touch in Deine vier W\u00e4nde! <\/span><\/span><\/span><\/span><\/p>\n<p lang=\"de-CH\"><!--more--><\/p>\n<p><span style=\"color: #444444;\"><span style=\"font-family: Verdana, serif;\"><span style=\"font-size: small;\"><span lang=\"de-CH\">Ob in Deinem Zimmer oder in eurer WG-K\u00fcche, bei ifolor kannst Du zwischen vielen unterschiedlichen Formaten und Materialien w\u00e4hlen. Vom g\u00fcnstigeren Poster bis hin zum stylischen Gallery Print, wir haben f\u00fcr jede Wand das passende Accessoire!<\/span><\/span><\/span><\/span><\/p>\n<p><span style=\"color: #444444;\"><span style=\"font-family: Verdana, serif;\"><span style=\"font-size: small;\"><span lang=\"de-CH\"><img decoding=\"async\" class=\"alignnone size-full wp-image-130\" src=\"https:\/\/s3-eu-central-1.amazonaws.com\/wp-uploads.iamstudent.at\/blog\/wp-content\/uploads\/2014\/05\/IamStudent_Blogpost_Bestellorgang.jpg\" alt=\"IamStudent_Blogpost_Bestellorgang\" width=\"800\" \/> <\/span><\/span><\/span><\/span><\/p>\n<p><span style=\"color: #444444;\"><span style=\"font-family: Verdana, serif;\"><span style=\"font-size: small;\"><span lang=\"de-CH\">\u00a0<\/span><\/span><\/span><\/span><\/p>\n<h4><span style=\"color: #444444;\"><span style=\"font-family: Verdana, serif;\"><span style=\"font-size: small;\"><span lang=\"de-CH\"><b>Der Klassiker \u2013 unsere Fotoleinw\u00e4nde<\/b><\/span><\/span><\/span><\/span><\/h4>\n<p><span style=\"color: #444444;\"><span style=\"font-family: Verdana, serif;\"><span style=\"font-size: small;\"><span lang=\"de-CH\"> F\u00fcr unsere <\/span><\/span><\/span><\/span><span style=\"color: #ff0000;\"><a href=\"http:\/\/www.ifolor.at\/wanddekoration\/fotoleinwand?WT.mc_id=at_de_oma_iamstu_blog_1420&amp;tc=at_de_oma_online_iamstudent_1420_WD30\" target=\"_blank\" rel=\"noopener\"><span style=\"font-family: Verdana, serif;\"><span style=\"font-size: small;\"><span lang=\"de-CH\"><span style=\"text-decoration: underline;\"><b>Fotoleinw\u00e4nde<\/b><\/span><\/span><\/span><\/span><\/a><\/span><span style=\"color: #444444;\"><span style=\"font-family: Verdana, serif;\"><span style=\"font-size: small;\"><span lang=\"de-CH\">\u00a0verwenden wir Echtholzkeilrahmen, und das Material zur Aufh\u00e4ngung gibt\u2019s gratis dazu! F\u00fcr noch etwas mehr Pepp kannst Du Dein Bild auf mehrere Leinw\u00e4nde verteilen. Probier\u2019s doch einfach mal aus: <\/span><\/span><\/span><\/span><span style=\"color: #ff0000;\"><span style=\"font-family: Verdana, serif;\"><span style=\"font-size: small;\"><span lang=\"de-CH\"><span style=\"text-decoration: underline;\"><b>Fotoleinwand Mehrteiler<\/b><\/span><\/span><\/span><\/span><\/span><\/p>\n<p lang=\"de-CH\"><a href=\"http:\/\/www.ifolor.at\/wanddekoration\/fotoleinwand?WT.mc_id=at_de_oma_iamstu_blog_1420&amp;tc=at_de_oma_online_iamstudent_1420_W\" target=\"_blank\" rel=\"noopener\"><img decoding=\"async\" class=\"alignnone size-full wp-image-131\" src=\"https:\/\/s3-eu-central-1.amazonaws.com\/wp-uploads.iamstudent.at\/blog\/wp-content\/uploads\/2014\/05\/IamStudent_Blogpost_CV.jpg\" alt=\"IamStudent_Blogpost_CV\" width=\"800\" \/><\/a><\/p>\n<p>&nbsp;<\/p>\n<h4><span style=\"color: #444444;\"><span style=\"font-family: Verdana, serif;\"><span style=\"font-size: small;\"><span lang=\"de-CH\"><b>Stil durch Kreativit\u00e4t<\/b><\/span><\/span><\/span><\/span><\/h4>\n<p><span style=\"color: #444444;\"><span style=\"font-family: Verdana, serif;\"><span style=\"font-size: small;\"><span lang=\"de-CH\">Ganz pers\u00f6nlich wirkt eine selbst zusammengestellte Fotocollage! Die <\/span><\/span><\/span><\/span><span style=\"color: #ff0000;\"><span style=\"font-family: Verdana, serif;\"><span style=\"font-size: small;\"><span lang=\"de-CH\"><span style=\"text-decoration: underline;\"><b>Fotoposter<\/b><\/span><\/span><\/span><\/span><\/span><span style=\"color: #444444;\"><span style=\"font-family: Verdana, serif;\"><span style=\"font-size: small;\"><span lang=\"de-CH\">\u00a0von ifolor bieten Dir diverse M\u00f6glichkeiten, die letzte WG-Party, ein unvergesslicher Urlaub oder einfach all Deine Freunde in einer Kollage!<\/span><\/span><\/span><\/span><\/p>\n<p><img decoding=\"async\" class=\"alignnone size-full wp-image-132\" src=\"https:\/\/s3-eu-central-1.amazonaws.com\/wp-uploads.iamstudent.at\/blog\/wp-content\/uploads\/2014\/05\/IamStudent_Blogpost_Fotoposter.jpg\" alt=\"IamStudent_Blogpost_Fotoposter\" width=\"800\" \/><\/p>\n<p>&nbsp;<\/p>\n<h4><span style=\"color: #444444;\"><span style=\"font-family: Verdana, serif;\"><span style=\"font-size: small;\"><span lang=\"de-CH\"><b>Visuelle Leichtigkeit mit unserem Acrylglas<\/b><\/span><\/span><\/span><\/span><\/h4>\n<p><span style=\"color: #444444;\"><span style=\"font-family: Verdana, serif;\"><span style=\"font-size: small;\"><span lang=\"de-CH\">Wenn Du Deinem Bild eine verspielte visuelle Leichtigkeit geben m\u00f6chtest, dann verwende unser durchscheinendes <\/span><\/span><\/span><\/span><span style=\"color: #ff0000;\"><span style=\"font-family: Verdana, serif;\"><span style=\"font-size: small;\"><span lang=\"de-AT\"><span style=\"text-decoration: underline;\"><b><a href=\"http:\/\/www.ifolor.at\/wanddekoration\/acrylglas?WT.mc_id=at_de_oma_iamstu_blog_1420&amp;tc=at_de_oma_online_iamstudent_1420_WD30\" target=\"_blank\" rel=\"noopener\">Acrylglas<\/a> <\/b><\/span><\/span><\/span><\/span><\/span><span style=\"color: #444444;\"><span style=\"font-family: Verdana, serif;\"><span style=\"font-size: small;\"><span lang=\"de-CH\">. Dank der kostenlosen Spezialwandhalterung zur Selbstmontage, scheint Dein pers\u00f6nliches Kunstwerk f\u00f6rmlich auf der Wand zu schweben.<\/span><\/span><\/span><\/span><\/p>\n<p lang=\"de-CH\"><a href=\"http:\/\/www.ifolor.at\/wanddekoration\/acrylglas?WT.mc_id=at_de_oma_iamstu_blog_1420&amp;tc=at_de_oma_online_iamstudent_1420_WD30\" target=\"_blank\" rel=\"noopener\"><img decoding=\"async\" class=\"alignnone size-full wp-image-128\" src=\"https:\/\/s3-eu-central-1.amazonaws.com\/wp-uploads.iamstudent.at\/blog\/wp-content\/uploads\/2014\/05\/IamStudent_Blogpost_Acryl.jpg\" alt=\"IamStudent_Blogpost_Acryl\" width=\"800\" \/><\/a><\/p>\n<p>&nbsp;<\/p>\n<h4><b>Lieber matt statt gl\u00e4nzend?<\/b><\/h4>\n<p><span style=\"color: #444444;\"><span style=\"font-family: Verdana, serif;\"><span style=\"font-size: small;\"><span lang=\"de-CH\">Wer es statt gl\u00e4nzend doch lieber matt mag, trifft mit seinem Foto auf Aluminium (kurz: <\/span><\/span><\/span><\/span><span style=\"color: #ff0000;\"><span style=\"font-family: Verdana, serif;\"><span style=\"font-size: small;\"><span lang=\"de-CH\"><span style=\"text-decoration: underline;\"><b>Alu-Dibond<\/b><\/span><\/span><\/span><\/span><\/span><span style=\"color: #444444;\"><span style=\"font-family: Verdana, serif;\"><span style=\"font-size: small;\"><span lang=\"de-CH\">) <\/span><\/span><\/span><\/span><span style=\"color: #444444;\"><span style=\"font-family: Verdana, serif;\"><span style=\"font-size: small;\"><span lang=\"de-CH\">\u00a0die richtige Wahl. Ohne Rahmen und Glas wirkt es besonders unmittelbar und ist leicht, aber gleichzeitig stabil. Die kostenlose Wandhalterung ist hier \u00fcbrigens schon vormontiert!<\/span><\/span><\/span><\/span><\/p>\n<p><img decoding=\"async\" class=\"alignnone size-full wp-image-129\" src=\"https:\/\/s3-eu-central-1.amazonaws.com\/wp-uploads.iamstudent.at\/blog\/wp-content\/uploads\/2014\/05\/IamStudent_Blogpost_AD.jpg\" alt=\"IamStudent_Blogpost_AD\" width=\"800\" \/><\/p>\n<p>&nbsp;<\/p>\n<h4><span style=\"color: #444444;\"><span style=\"font-family: Verdana, serif;\"><span style=\"font-size: small;\"><span lang=\"de-CH\"><b>Pr\u00e4senz an Deiner Wand<\/b><\/span><\/span><\/span><\/span><\/h4>\n<p><span style=\"color: #444444;\"><span style=\"font-family: Verdana, serif;\"><span style=\"font-size: small;\"><span lang=\"de-CH\">Nicht weniger auffallend wirkt das <\/span><\/span><\/span><\/span><span style=\"color: #ff0000;\"><span style=\"font-family: Verdana, serif;\"><span style=\"font-size: small;\"><span lang=\"de-CH\"><b><a href=\"http:\/\/www.ifolor.at\/wanddekoration\/wanddisplay?WT.mc_id=at_de_oma_iamstu_blog_1420&amp;tc=at_de_oma_online_iamstudent_1420_WD30\" target=\"_blank\" rel=\"noopener\">Wanddisplay<\/a><\/b><\/span><\/span><\/span><\/span><span style=\"color: #444444;\"><span style=\"font-family: Verdana, serif;\"><span style=\"font-size: small;\"><span lang=\"de-CH\">. Als Erstes \u00fcberrascht das au\u00dfergew\u00f6hnliche Format (28&#215;35.5&#215;1.5 cm). Danach die spezielle Kunststoffbeschichtung: Durch sie wirkt Dein Bild gl\u00e4nzend-plastisch. Das Wanddisplay kommt ebenfalls ohne Rahmen aus. Mit seiner St\u00e4rke von 1.5 cm wirkt es massiv und sorgt f\u00fcr Pr\u00e4senz an Deiner Wand. Und durch die Aufh\u00e4ngefr\u00e4sungen auf der R\u00fcckseite kann das Wanddisplay sofort aufgeh\u00e4ngt werden.<\/span><\/span><\/span><\/span><\/p>\n<p><a href=\"http:\/\/www.ifolor.at\/wanddekoration\/wanddisplay?WT.mc_id=at_de_oma_iamstu_blog_1420&amp;tc=at_de_oma_online_iamstudent_1420_WD30\" target=\"_blank\" rel=\"noopener\"><span style=\"color: #444444;\"><span style=\"font-family: Verdana, serif;\"><span style=\"font-size: small;\"><span lang=\"de-CH\"><img decoding=\"async\" class=\"alignnone size-full wp-image-134\" src=\"https:\/\/s3-eu-central-1.amazonaws.com\/wp-uploads.iamstudent.at\/blog\/wp-content\/uploads\/2014\/05\/IamStudent_Blogpost_WD.jpg\" alt=\"IamStudent_Blogpost_WD\" width=\"800\" \/><\/span><\/span><\/span><\/span><\/a><\/p>\n<p>&nbsp;<\/p>\n<h4><span style=\"color: #444444;\"><span style=\"font-family: Verdana, serif;\"><span style=\"font-size: small;\"><span lang=\"de-CH\"><b>Brillante Farben &amp; r\u00e4umliche Tiefe<\/b><\/span><\/span><\/span><\/span><\/h4>\n<p><span style=\"color: #444444;\"><span style=\"font-family: Verdana, serif;\"><span style=\"font-size: small;\"><span lang=\"de-CH\">Oder darf\u2019s noch etwas extravaganter sein? Dann ist der stylische <\/span><\/span><\/span><\/span><span style=\"color: #ff0000;\"><span style=\"font-family: Verdana, serif;\"><span style=\"font-size: small;\"><span lang=\"de-CH\"><span style=\"text-decoration: underline;\"><b>Gallery Print<\/b><\/span><\/span><\/span><\/span><\/span><span style=\"color: #444444;\"><span style=\"font-family: Verdana, serif;\"><span style=\"font-size: small;\"><span lang=\"de-CH\">\u00a0genau das richtige f\u00fcr Dich! Hinter Acrylglas gedruckt und auf eine Aluminiumverbundplatte aufgezogen, ist das Ergebnis ein Bild voller brillanter Farben, r\u00e4umlicher Tiefe und leuchtendem Glanz.<\/span><\/span><\/span><\/span><\/p>\n<p lang=\"de-AT\"><img decoding=\"async\" class=\"alignnone size-full wp-image-133\" src=\"https:\/\/s3-eu-central-1.amazonaws.com\/wp-uploads.iamstudent.at\/blog\/wp-content\/uploads\/2014\/05\/IamStudent_Blogpost_Gallery.jpg\" alt=\"IamStudent_Blogpost_Gallery\" width=\"800\" \/><\/p>\n<p>&nbsp;<\/p>\n<p>&nbsp;<\/p>\n<p>&nbsp;<\/p>\n<div style='text-align:center' class='yasr-auto-insert-visitor'><\/div>","protected":false},"excerpt":{"rendered":"<p>Deinem Studentenzimmer fehlt noch der besondere Kick? Du hast keine Lust auf ein Standardbild von der Stange? Eure WG-K\u00fcche k\u00f6nnte [&hellip;]<\/p>\n","protected":false},"author":7,"featured_media":132,"comment_status":"closed","ping_status":"closed","sticky":false,"template":"","format":"standard","meta":{"_acf_changed":false,"yasr_overall_rating":0,"yasr_post_is_review":"","yasr_auto_insert_disabled":"","yasr_review_type":"","footnotes":""},"categories":[124],"tags":[288,181],"class_list":["post-126","post","type-post","status-publish","format-standard","has-post-thumbnail","hentry","category-wohnen","tag-einrichtung","tag-oesterreich"],"yasr_visitor_votes":{"stars_attributes":{"read_only":false,"span_bottom":false},"number_of_votes":0,"sum_votes":0},"acf":[],"media":"https:\/\/www.iamstudent.at\/blog\/wp-content\/uploads\/2014\/05\/IamStudent_Blogpost_Fotoposter.jpg","image":"https:\/\/www.iamstudent.at\/blog\/wp-content\/uploads\/2014\/05\/IamStudent_Blogpost_Fotoposter.jpg","title_plaintext":"Keine Lust auf Standard-Deko von der STANGE? \u2013 Probiere MAL WAS ANDERES!","text_plaintext":"Kahle W\u00e4nde k\u00f6nnen mehr als deprimierend sein. Damit du etwas mehr Farbe in deine Studi-Bude bringst, geben wir dir Tipps f\u00fcr die Deko.","category":{"name":"Wohnen","slug":"wohnen"},"rating":{"best":5,"score":0,"avg":0,"votes":0},"tag_names":["Einrichtung","\u00d6sterreich"],"tag_permalinks":["einrichtung","oesterreich"],"author_name":"ifolor","author_image":"https:\/\/secure.gravatar.com\/avatar\/3eb4b6b3226e33075688db77384869f4513f7a110d105e774d63c2d7439ba05e?s=96&d=mm&r=g","_links":{"self":[{"href":"https:\/\/www.iamstudent.at\/blog\/wp-json\/wp\/v2\/posts\/126","targetHints":{"allow":["GET"]}}],"collection":[{"href":"https:\/\/www.iamstudent.at\/blog\/wp-json\/wp\/v2\/posts"}],"about":[{"href":"https:\/\/www.iamstudent.at\/blog\/wp-json\/wp\/v2\/types\/post"}],"author":[{"embeddable":true,"href":"https:\/\/www.iamstudent.at\/blog\/wp-json\/wp\/v2\/users\/7"}],"replies":[{"embeddable":true,"href":"https:\/\/www.iamstudent.at\/blog\/wp-json\/wp\/v2\/comments?post=126"}],"version-history":[{"count":5,"href":"https:\/\/www.iamstudent.at\/blog\/wp-json\/wp\/v2\/posts\/126\/revisions"}],"predecessor-version":[{"id":43585,"href":"https:\/\/www.iamstudent.at\/blog\/wp-json\/wp\/v2\/posts\/126\/revisions\/43585"}],"wp:featuredmedia":[{"embeddable":true,"href":"https:\/\/www.iamstudent.at\/blog\/wp-json\/wp\/v2\/media\/132"}],"wp:attachment":[{"href":"https:\/\/www.iamstudent.at\/blog\/wp-json\/wp\/v2\/media?parent=126"}],"wp:term":[{"taxonomy":"category","embeddable":true,"href":"https:\/\/www.iamstudent.at\/blog\/wp-json\/wp\/v2\/categories?post=126"},{"taxonomy":"post_tag","embeddable":true,"href":"https:\/\/www.iamstudent.at\/blog\/wp-json\/wp\/v2\/tags?post=126"}],"curies":[{"name":"wp","href":"https:\/\/api.w.org\/{rel}","templated":true}]}}